{"id":730,"date":"2017-09-01T00:20:06","date_gmt":"2017-09-01T00:20:06","guid":{"rendered":"https:\/\/whatwhenwhyeventagentur.wordpress.com\/?p=172"},"modified":"2025-02-02T22:11:41","modified_gmt":"2025-02-02T22:11:41","slug":"hoch-hinaus","status":"publish","type":"post","link":"https:\/\/whatwhenwhy.de\/magazin\/hoch-hinaus\/","title":{"rendered":"HOCH HINAUS"},"content":{"rendered":"\n<p>Lesezeit: ca. 5 Minuten<\/p>\n\n\n\n<p class=\"fw-bold\"><strong>ThyssenKrupp Elevator vergibt Richtfest f\u00fcr Renommierprojekt an die <a href=\"https:\/\/whatwhenwhy.de\/eventagentur-stuttgart\/\">Stuttgarter Eventagentur<\/a> what when why<\/strong><\/p>\n\n\n\n<figure class=\"wp-block-image size-full is-resized\"><img loading=\"lazy\" decoding=\"async\" width=\"976\" height=\"728\" src=\"http:\/\/blackmite.whatwhenwhy.de\/magazin\/wp-content\/uploads\/2017\/09\/testturm1.jpg\" alt=\"\" class=\"wp-image-5273\" style=\"width:408px;height:auto\" srcset=\"https:\/\/whatwhenwhy.de\/magazin\/wp-content\/uploads\/2017\/09\/testturm1.jpg 976w, https:\/\/whatwhenwhy.de\/magazin\/wp-content\/uploads\/2017\/09\/testturm1-300x224.jpg 300w, https:\/\/whatwhenwhy.de\/magazin\/wp-content\/uploads\/2017\/09\/testturm1-768x573.jpg 768w\" sizes=\"auto, (max-width: 976px) 100vw, 976px\" \/><\/figure>\n\n\n\n<p><br> Stuttgart\/ Rottweil. Mit einem Umsatz von 6,4 Milliarden Euro im, Kunden in 150 L\u00e4ndern und mit \u00fcber 50.000 qualifizierten Mitarbeitern z\u00e4hlt ThyssenKrupp Elevator zu den f\u00fchrenden Aufzugsunternehmen der Welt. Um diese Position zu verteidigen und weiter auszubauen wurde ein Projekt mit herausragender Strahlkraft ins Leben gerufen: Der Aufzugs-Testturm in Rottweil.<\/p>\n\n\n\n<figure class=\"wp-block-image size-full is-resized is-style-default\"><img loading=\"lazy\" decoding=\"async\" width=\"768\" height=\"513\" src=\"http:\/\/blackmite.whatwhenwhy.de\/magazin\/wp-content\/uploads\/2017\/09\/image.jpeg\" alt=\"Dieses Bild hat ein leeres Alt-Attribut. Der Dateiname ist dsc_3547-768x513-1.jpg\" class=\"wp-image-5276\" style=\"width:284px;height:auto\" srcset=\"https:\/\/whatwhenwhy.de\/magazin\/wp-content\/uploads\/2017\/09\/image.jpeg 768w, https:\/\/whatwhenwhy.de\/magazin\/wp-content\/uploads\/2017\/09\/image-300x200.jpeg 300w\" sizes=\"auto, (max-width: 768px) 100vw, 768px\" \/><\/figure>\n\n\n\n<p class=\"fw-bold\"><strong>Richtfest mit gro\u00dfer Resonanz<\/strong><br>Der Aufzugs-Testturm in Rottweil, das beeindruckende Renommierprojekt von ThyssenKrupp Elevator, mit der bundesweit h\u00f6chsten \u00f6ffentlichen Besucherplattform auf 232m und einer fertigen Gesamth\u00f6he von 246m, hatte sein Richtfest. Mit 250 G\u00e4sten, gro\u00dfer Medienpr\u00e4senz und zunehmend sch\u00f6nem Wetter wurde das von ThyssenKrupp Elevator in Zusammenarbeit mit dem Bauunternehmen Ed. Z\u00fcblin veranstaltete Richtfest ein voller Erfolg. Der wichtige Meilenstein bei der Fertigstellung dieses bedeutenden Bauwerks wurde geb\u00fchrend gefeiert.<\/p>\n\n\n\n<p id=\"fw-bold\"><strong>Wind, Wetter, what when why<br><\/strong>Im Vorfeld hatte das Konzept von what when why die Verantwortlichen von ThyssenKrupp Elevators \u00fcberzeugt, so dass die Umsetzung des Richtfestes an die Eventagentur mit Hauptsitz in Stuttgart vergeben wurde. &#8222;Wir mussten die besonderen Herausforderungen an eine Open-Air Veranstaltung ebenso ber\u00fccksichtigen, wie die Gesamtdramaturgie unter Einbindung wichtiger Redner und der weiteren Programmbestandteile. Aber am meisten hat uns das Wetter gefordert.&#8220;, so Stefania Candido, Projektleiterin bei <strong>what when why<\/strong>.<\/p>\n\n\n\n<figure class=\"wp-block-image size-full\"><img loading=\"lazy\" decoding=\"async\" width=\"768\" height=\"286\" src=\"http:\/\/blackmite.whatwhenwhy.de\/magazin\/wp-content\/uploads\/2017\/09\/whatwhenwhy_testturm_thyssenkrupp1-768x286-1.jpg\" alt=\"\" class=\"wp-image-5277\" srcset=\"https:\/\/whatwhenwhy.de\/magazin\/wp-content\/uploads\/2017\/09\/whatwhenwhy_testturm_thyssenkrupp1-768x286-1.jpg 768w, https:\/\/whatwhenwhy.de\/magazin\/wp-content\/uploads\/2017\/09\/whatwhenwhy_testturm_thyssenkrupp1-768x286-1-300x112.jpg 300w\" sizes=\"auto, (max-width: 768px) 100vw, 768px\" \/><\/figure>\n\n\n\n<p>Denn das Wetter hielt sich an keine Vorhersage und machte es bis zu Beginn der Veranstaltung wirklich spannend, so dass laufend zwischen Sch\u00f6nwetter und Schlechtwetter-Variante gewechselt wurde. Aber gute Vorbereitung und gute Beziehungen zum Wettergott lie\u00dfen das Richtfest dann letztlich ohne Regenschauer und mit zufriedenen G\u00e4sten und Veranstaltern stattfinden.<br>\n&#8222;Wir haben uns von der Stuttgarter Eventagentur von Anfang an sehr gut verstanden gef\u00fchlt. Die Zusammenarbeit hat uns Spa\u00df gemacht und uns stets sicher f\u00fchlen lassen.&#8220;, so das Projektteam von ThyssenKrupp Elevator (CENE).<\/p>\n\n\n\n<p><\/p>\n","protected":false},"excerpt":{"rendered":"<p>Stuttgart\/ Rottweil. Im Vorfeld hatte das Konzept von what when why die Verantwortlichen von ThyssenKrupp Elevators \u00fcberzeugt, so dass die Umsetzung des Richtfestes an die Eventagentur mit Hauptsitz in Stuttgart vergeben wurde. &#8222;Wir mussten die besonderen Herausforderungen an eine Open-Air Veranstaltung ebenso ber\u00fccksichtigen, wie die Gesamtdramaturgie unter Einbindung wichtiger Redner und der weiteren Programmbestandteile&#8230; <\/p>\n","protected":false},"author":1,"featured_media":765,"comment_status":"closed","ping_status":"closed","sticky":false,"template":"blank","format":"standard","meta":{"footnotes":""},"categories":[266],"tags":[],"class_list":["post-730","post","type-post","status-publish","format-standard","has-post-thumbnail","hentry","category-campaigning-de"],"_links":{"self":[{"href":"https:\/\/whatwhenwhy.de\/magazin\/wp-json\/wp\/v2\/posts\/730","targetHints":{"allow":["GET"]}}],"collection":[{"href":"https:\/\/whatwhenwhy.de\/magazin\/wp-json\/wp\/v2\/posts"}],"about":[{"href":"https:\/\/whatwhenwhy.de\/magazin\/wp-json\/wp\/v2\/types\/post"}],"author":[{"embeddable":true,"href":"https:\/\/whatwhenwhy.de\/magazin\/wp-json\/wp\/v2\/users\/1"}],"replies":[{"embeddable":true,"href":"https:\/\/whatwhenwhy.de\/magazin\/wp-json\/wp\/v2\/comments?post=730"}],"version-history":[{"count":3,"href":"https:\/\/whatwhenwhy.de\/magazin\/wp-json\/wp\/v2\/posts\/730\/revisions"}],"predecessor-version":[{"id":5278,"href":"https:\/\/whatwhenwhy.de\/magazin\/wp-json\/wp\/v2\/posts\/730\/revisions\/5278"}],"wp:featuredmedia":[{"embeddable":true,"href":"https:\/\/whatwhenwhy.de\/magazin\/wp-json\/wp\/v2\/media\/765"}],"wp:attachment":[{"href":"https:\/\/whatwhenwhy.de\/magazin\/wp-json\/wp\/v2\/media?parent=730"}],"wp:term":[{"taxonomy":"category","embeddable":true,"href":"https:\/\/whatwhenwhy.de\/magazin\/wp-json\/wp\/v2\/categories?post=730"},{"taxonomy":"post_tag","embeddable":true,"href":"https:\/\/whatwhenwhy.de\/magazin\/wp-json\/wp\/v2\/tags?post=730"}],"curies":[{"name":"wp","href":"https:\/\/api.w.org\/{rel}","templated":true}]}}