{"id":1919,"date":"2019-11-08T00:20:14","date_gmt":"2019-11-08T00:20:14","guid":{"rendered":"https:\/\/whatwhenwhy.de\/?p=1919"},"modified":"2025-01-08T08:06:47","modified_gmt":"2025-01-08T08:06:47","slug":"dritte-gala-der-stiftung-stay-glaenzt-mit-erfolgen","status":"publish","type":"post","link":"https:\/\/whatwhenwhy.de\/magazin\/dritte-gala-der-stiftung-stay-glaenzt-mit-erfolgen\/","title":{"rendered":"Dritte Gala der Stiftung Stay gl\u00e4nzt mit Erfolgen"},"content":{"rendered":"\n<p>Von Beginn an unterst\u00fctzt <strong>what when why<\/strong> die Stiftung Stay aus Stuttgart.  Nachhaltige Entwicklungszusammenarbeit in Afrika ist das Ziel.  Mit der immer noch aktuellen Kommunikations-Kampagne &#8222;Unternehmer f\u00fcr Unternehmer&#8220; wurde einer der Grundsteine f\u00fcr den Stiftungserfolg gelegt. <a href=\"https:\/\/www.stay-stiftung.org\/unsere-kampagne\">https:\/\/www.stay-stiftung.org\/unsere-kampagne<\/a>. <\/p>\n\n\n\n<p><img loading=\"lazy\" decoding=\"async\" width=\"550\" height=\"305\" class=\"wp-image-1927\" style=\"width: 550px;\" src=\"https:\/\/blm.one\/ww1\/blog\/wp-content\/uploads\/2019\/11\/1.jpg\" alt=\"\" srcset=\"https:\/\/whatwhenwhy.de\/magazin\/wp-content\/uploads\/2019\/11\/1.jpg 1929w, https:\/\/whatwhenwhy.de\/magazin\/wp-content\/uploads\/2019\/11\/1-300x167.jpg 300w, https:\/\/whatwhenwhy.de\/magazin\/wp-content\/uploads\/2019\/11\/1-1024x569.jpg 1024w, https:\/\/whatwhenwhy.de\/magazin\/wp-content\/uploads\/2019\/11\/1-768x426.jpg 768w, https:\/\/whatwhenwhy.de\/magazin\/wp-content\/uploads\/2019\/11\/1-1536x853.jpg 1536w\" sizes=\"auto, (max-width: 550px) 100vw, 550px\" \/><br><br>Seit 2013 hat sich die innovative Stiftung des Gr\u00fcnders und Gesch\u00e4ftsf\u00fchrers, Benamin Wolf, pr\u00e4chtig weiter entwickelt. Mittlerweile sind es bereits drei afrikanische L\u00e4nder, in denen die multiplikative Entwicklungszusamenarbeit von Stay den Unterschied macht.  <\/p>\n\n\n\n<p>\nDie dritte &#8222;Stay the Night&#8220;- Gala in der Stuttgarter Phoenixhalle konnte\n deswegen auch von vielen Erfolgen und zuk\u00fcnftigen Projekten berichten &#8211;\n eingebettet in ein ansprechendes Programm.  <a href=\"https:\/\/www.regio-tv.de\/mediathek\/105482\">https:\/\/www.regio-tv.de\/mediathek\/105482<\/a><\/p>\n\n\n\n<p><img loading=\"lazy\" decoding=\"async\" width=\"550\" height=\"367\" class=\"wp-image-1929\" style=\"width: 550px;\" src=\"https:\/\/blm.one\/ww1\/blog\/wp-content\/uploads\/2019\/11\/Stay-Gala-2019-Dundu.jpg\" alt=\"\" srcset=\"https:\/\/whatwhenwhy.de\/magazin\/wp-content\/uploads\/2019\/11\/Stay-Gala-2019-Dundu.jpg 1311w, https:\/\/whatwhenwhy.de\/magazin\/wp-content\/uploads\/2019\/11\/Stay-Gala-2019-Dundu-300x200.jpg 300w, https:\/\/whatwhenwhy.de\/magazin\/wp-content\/uploads\/2019\/11\/Stay-Gala-2019-Dundu-1024x683.jpg 1024w, https:\/\/whatwhenwhy.de\/magazin\/wp-content\/uploads\/2019\/11\/Stay-Gala-2019-Dundu-768x512.jpg 768w\" sizes=\"auto, (max-width: 550px) 100vw, 550px\" \/><br><br><\/p>\n","protected":false},"excerpt":{"rendered":"<p>Von Beginn an unterst\u00fctzt what when why die Stiftung Stay aus Stuttgart.  Nachhaltige Entwicklungszusammenarbeit in Afrika ist das Ziel. https:\/\/www.regio-tv.de\/mediathek\/105482 <\/p>\n","protected":false},"author":1,"featured_media":3271,"comment_status":"closed","ping_status":"closed","sticky":false,"template":"blank","format":"standard","meta":{"footnotes":""},"categories":[266],"tags":[],"class_list":["post-1919","post","type-post","status-publish","format-standard","has-post-thumbnail","hentry","category-campaigning-de"],"_links":{"self":[{"href":"https:\/\/whatwhenwhy.de\/magazin\/wp-json\/wp\/v2\/posts\/1919","targetHints":{"allow":["GET"]}}],"collection":[{"href":"https:\/\/whatwhenwhy.de\/magazin\/wp-json\/wp\/v2\/posts"}],"about":[{"href":"https:\/\/whatwhenwhy.de\/magazin\/wp-json\/wp\/v2\/types\/post"}],"author":[{"embeddable":true,"href":"https:\/\/whatwhenwhy.de\/magazin\/wp-json\/wp\/v2\/users\/1"}],"replies":[{"embeddable":true,"href":"https:\/\/whatwhenwhy.de\/magazin\/wp-json\/wp\/v2\/comments?post=1919"}],"version-history":[{"count":1,"href":"https:\/\/whatwhenwhy.de\/magazin\/wp-json\/wp\/v2\/posts\/1919\/revisions"}],"predecessor-version":[{"id":4514,"href":"https:\/\/whatwhenwhy.de\/magazin\/wp-json\/wp\/v2\/posts\/1919\/revisions\/4514"}],"wp:featuredmedia":[{"embeddable":true,"href":"https:\/\/whatwhenwhy.de\/magazin\/wp-json\/wp\/v2\/media\/3271"}],"wp:attachment":[{"href":"https:\/\/whatwhenwhy.de\/magazin\/wp-json\/wp\/v2\/media?parent=1919"}],"wp:term":[{"taxonomy":"category","embeddable":true,"href":"https:\/\/whatwhenwhy.de\/magazin\/wp-json\/wp\/v2\/categories?post=1919"},{"taxonomy":"post_tag","embeddable":true,"href":"https:\/\/whatwhenwhy.de\/magazin\/wp-json\/wp\/v2\/tags?post=1919"}],"curies":[{"name":"wp","href":"https:\/\/api.w.org\/{rel}","templated":true}]}}